{"id":8537,"date":"2023-11-28T14:02:18","date_gmt":"2023-11-28T14:02:18","guid":{"rendered":"https:\/\/teknolojimenajeri.com.tr\/?p=8537"},"modified":"2023-11-28T14:02:18","modified_gmt":"2023-11-28T14:02:18","slug":"apple-vision-pro-tim-cook-sasirtici-deneyimler-vadediyor","status":"publish","type":"post","link":"https:\/\/teknolojimenajeri.com.tr\/tr\/apple-vision-pro-tim-cook-sasirtici-deneyimler-vadediyor\/","title":{"rendered":"Apple Vision Pro: Tim Cook &#8221;\u015fa\u015f\u0131rt\u0131c\u0131&#8221; deneyimler vadediyor!"},"content":{"rendered":"<p style=\"text-align: left;\">\nApple Vision Pro, Tim Cook&#8217;un s\u00f6yledi\u011fine g\u00f6re yaln\u0131zca Apple ma\u011fazalar\u0131nda sat\u0131lacak benzersiz bir \u00fcr\u00fcn.<br \/>\n02.Kas\u0131m&#8217;da Apple, 2023 d\u00f6rd\u00fcnc\u00fc \u00e7eyrek kazan\u00e7 sonu\u00e7lar\u0131n\u0131 yay\u0131nlad\u0131. Ard\u0131ndan Tim Cook, bir konferans g\u00f6r\u00fc\u015fmesinde finansal analistlerin sorular\u0131n\u0131 yan\u0131tlad\u0131. Apple&#8217;\u0131n CEO&#8217;su, Apple Vision Pro hakk\u0131nda soruldu\u011funda, geli\u015ftirici laboratuvarlar\u0131 ve<br \/>\nt\u00fcketici e\u011fitimi ve da\u011f\u0131t\u0131m\u0131n\u0131n AirPods ve Apple Watch gibi di\u011fer giyilebilir cihazlara k\u0131yaslanas\u0131l olaca\u011f\u0131 hakk\u0131nda konu\u015ftu.<\/p>\n<p><img loading=\"lazy\" decoding=\"async\" class=\" wp-image-8540 alignleft\" src=\"https:\/\/teknolojimenajeri.com.tr\/wp-content\/uploads\/2023\/11\/Apple-WWCD23-Vision-Pro-lifestyle-working-230605_big.jpg.large_-300x200.jpg\" alt=\"\" width=\"421\" height=\"280\" srcset=\"https:\/\/teknolojimenajeri.com.tr\/wp-content\/uploads\/2023\/11\/Apple-WWCD23-Vision-Pro-lifestyle-working-230605_big.jpg.large_-300x200.jpg 300w, https:\/\/teknolojimenajeri.com.tr\/wp-content\/uploads\/2023\/11\/Apple-WWCD23-Vision-Pro-lifestyle-working-230605_big.jpg.large_-768x512.jpg 768w, https:\/\/teknolojimenajeri.com.tr\/wp-content\/uploads\/2023\/11\/Apple-WWCD23-Vision-Pro-lifestyle-working-230605_big.jpg.large_-900x600.jpg 900w, https:\/\/teknolojimenajeri.com.tr\/wp-content\/uploads\/2023\/11\/Apple-WWCD23-Vision-Pro-lifestyle-working-230605_big.jpg.large_.jpg 980w\" sizes=\"auto, (max-width: 421px) 100vw, 421px\" \/> A\u015fa\u011f\u0131da Cook&#8217;un tam cevab\u0131 bulunmaktad\u0131r:&#8221;Vision Pro hakk\u0131nda \u00e7ok b\u00fcy\u00fck bir heyecan var. Ve bunu geli\u015ftiricilerle payla\u015fmaktan \u00e7ok b\u00fcy\u00fck memnuniyet duyuyoruz ve d\u00fcnyan\u0131n farkl\u0131 yerlerinde geli\u015ftirici laboratuvarlar\u0131m\u0131z var, b\u00f6ylece asl\u0131nda ellerini alabilir ve uygulamalar \u00fczerinde \u00e7al\u0131\u015fabilirler ve ben de bunlardan birka\u00e7\u0131n\u0131 g\u00f6rme \u015fans\u0131na sahip oldum ve baz\u0131 ger\u00e7ekler var. Ortaya \u00e7\u0131kan t\u00fcrden ba\u015f d\u00f6nd\u00fcr\u00fcc\u00fc \u015feyler var ve bu y\u00fczden her \u015fey iyi g\u00f6r\u00fcn\u00fcyor. AirPods veya Apple Watch&#8217;a benzeyip benzemedi\u011fi sorunuzu cevaplamak gerekirse, hay\u0131r derim. Vision Pro gibi bir \u00fcr\u00fcn hi\u00e7 olmad\u0131 ve bu nedenle \u00f6zellikle son miline \u00e7ok dikkat edebilmek i\u00e7in kas\u0131tl\u0131 olarak ma\u011fazalar\u0131m\u0131zda<br \/>\nsat\u0131yoruz. Ma\u011fazalarda demolar sunaca\u011f\u0131z ve bu, normal bir kap-ka\u00e7 s\u00fcrecinde oldu\u011fundan \u00e7ok farkl\u0131 bir s\u00fcre\u00e7 olacak.<\/p>\n<p style=\"text-align: left;\">\n<strong>Vision Pro: Temkinli ve yava\u015f bir ba\u015flang\u0131\u00e7<\/strong><\/p>\n<p style=\"text-align: left;\">\nSanal Ger\u00e7eklik g\u00f6zl\u00fckleri, t\u00fcketiciler i\u00e7in nispeten yeni bir \u00fcr\u00fcn kategorisidir ve Apple, m\u00fc\u015fterileri bu yeni paradigmaya \u00f6zenle tan\u0131tmaya kararl\u0131d\u0131r. Kulakl\u0131klar\u0131n tak\u0131l\u0131p kullan\u0131lmas\u0131n\u0131n rahatl\u0131\u011f\u0131, ba\u015f ve y\u00fcz \u015fekli ve g\u00f6r\u00fc\u015f gibi \u00f6znel fakt\u00f6rlere ba\u011fl\u0131d\u0131r. Cihaz ayr\u0131ca, g\u00f6z ve el takibine dayal\u0131 tamamen yeni bir i\u015fletim sistemi ve aray\u00fcz sunuyor. Apple&#8217;\u0131n cihazlar\u0131 Apple ma\u011fazalar\u0131nda tan\u0131tma ve yaln\u0131zca orada satma stratejisi mant\u0131kl\u0131. Cihazlar t\u00fcketiciler taraf\u0131ndan daha yayg\u0131n bir \u015fekilde benimsendik\u00e7e s\u00fcrecin muhtemelen de\u011fi\u015fmesi m\u00fcmk\u00fcn. Ancak, yeni \u00fcr\u00fcn kategorisinin h\u0131zla y\u00fckseli\u015fe ge\u00e7mesi beklenmiyor: 3.500 $&#8217;l\u0131k ilk nesil kulakl\u0131k, \u00e7o\u011fu t\u00fcketici i\u00e7in eri\u015filemez durumda. Bunun yan\u0131s\u0131ra arz k\u0131s\u0131tlar\u0131 nedeniyle Vision Pro da s\u0131n\u0131rl\u0131 miktarlarda sat\u0131\u015fa sunulacak.<\/p>\n<p style=\"text-align: left;\">\nCihaz\u0131n ABD&#8217;de erken 2024&#8217;te piyasaya s\u00fcr\u00fclmesi planlan\u0131yor. Avrupa&#8217;da ne zaman piyasaya<br \/>\ns\u00fcr\u00fclece\u011fi bilinmiyor. Bir rapora g\u00f6re, 2024&#8217;\u00fcn sonunda veya hatta 2025&#8217;te kadar olabilir.<\/p>\n<p>&nbsp;<\/p>\n<p><b>Teknoloji Menajeri makale yorumu:\u00a0<\/b><\/p>\n<p>Pandeminin etkisiyle hayat\u0131m\u0131z h\u0131zla dijitalle\u015fti; yeni normaller aras\u0131nda yerini bulan g\u00f6zl\u00fckler, bulu\u015fma ortamlar\u0131 ve toplant\u0131 uygulamalar\u0131, yak\u0131n gelece\u011fimizi \u015fekillendirmeye devam ediyor. Bu d\u00f6n\u00fc\u015f\u00fcm, sadece bir zorunluluk de\u011fil, ayn\u0131 zamanda yeniliklere a\u00e7\u0131k bir bak\u0131\u015f a\u00e7\u0131s\u0131n\u0131n \u00fcr\u00fcn\u00fcd\u00fcr. Art\u0131k sadece birer teknoloji unsuru olman\u0131n \u00f6tesinde, bu ara\u00e7lar g\u00fcnl\u00fck ya\u015fant\u0131m\u0131z\u0131n ayr\u0131lmaz bir par\u00e7as\u0131 haline geldi. G\u00f6zl\u00fckler, sanal bulu\u015fma ortamlar\u0131 ve \u00e7e\u015fitli toplant\u0131 uygulamalar\u0131, i\u015f d\u00fcnyas\u0131ndan sosyal ili\u015fkilere kadar geni\u015f bir yelpazede kullan\u0131l\u0131yor. Bu dijital ara\u00e7lar, hem i\u015f hem de sosyal etkile\u015fimlerde daha verimli ve esnek bir ya\u015fam tarz\u0131n\u0131n kap\u0131lar\u0131n\u0131 aral\u0131yor. Bu d\u00f6n\u00fc\u015f\u00fcm, gelecekteki ileti\u015fim ve i\u015f d\u00fcnyas\u0131n\u0131 belirleyerek, dijitalle\u015fmenin izledi\u011fi yolu g\u00f6steriyor. Bu nedenle, h\u0131zla evrilen dijital ekosistemde yer almak ve bu yeni normalleri anlamak, bireylerin ve i\u015fletmelerin rekabet avantaj\u0131n\u0131 g\u00fc\u00e7lendirmelerine yard\u0131mc\u0131 olacakt\u0131r.<\/p>\n<p>T\u00fcrk Bili\u015fim firmalar\u0131m\u0131z\u0131n Metaverse \/ Sanal Ger\u00e7eklik \/ \u0130\u00e7erik \u00dcretimi gibi \u00e7al\u0131\u015fmalar\u0131 10 seneden fazlad\u0131r devam etmekte ve bu konuda globalde de \u00e7ok do\u011fru i\u015flere imzalar atmaktad\u0131rlar. Bu konuda size bilgi vermekten, i\u015flerinizi yeni y\u00fcz y\u0131l i\u00e7in geli\u015ftirmekten memnuniyet duyar\u0131z.<\/p>\n<p>&nbsp;<\/p>\n<p>Yak\u0131n gelecekte g\u00f6r\u00fc\u015fmek \u00fczere \ud83d\ude42<\/p>\n<p>Teknoloji Menajeri<\/p>\n<p style=\"text-align: left;\">Kaynak: <a href=\"https:\/\/mixed-news.com\/en\/apple-vision-pro-tim-cook-on-coming-apps-and-distribution\/?amp=1\">https:\/\/mixed-news.com\/en\/apple-vision-pro-tim-cook-on-coming-apps-and-<\/a>distribution\/?amp=1<\/p>\n","protected":false},"excerpt":{"rendered":"<p>Apple Vision Pro, Tim Cook&#8217;un s\u00f6yledi\u011fine g\u00f6re yaln\u0131zca Apple ma\u011fazalar\u0131nda sat\u0131lacak benzersiz bir \u00fcr\u00fcn. 02.Kas\u0131m&#8217;da Apple, 2023 d\u00f6rd\u00fcnc\u00fc \u00e7eyrek kazan\u00e7 sonu\u00e7lar\u0131n\u0131 yay\u0131nlad\u0131. Ard\u0131ndan Tim Cook, bir konferans g\u00f6r\u00fc\u015fmesinde finansal analistlerin sorular\u0131n\u0131 yan\u0131tlad\u0131. Apple&#8217;\u0131n CEO&#8217;su, Apple Vision Pro hakk\u0131nda soruldu\u011funda, geli\u015ftirici laboratuvarlar\u0131 ve t\u00fcketici e\u011fitimi ve da\u011f\u0131t\u0131m\u0131n\u0131n AirPods ve Apple Watch gibi di\u011fer giyilebilir cihazlara k\u0131yaslanas\u0131l<\/p>\n","protected":false},"author":1,"featured_media":8542,"comment_status":"open","ping_status":"open","sticky":false,"template":"","format":"standard","meta":{"footnotes":""},"categories":[1],"tags":[],"class_list":["post-8537","post","type-post","status-publish","format-standard","has-post-thumbnail","hentry","category-teknoloji-ve-yazilim-innovation"],"yoast_head":"<!-- This site is optimized with the Yoast SEO plugin v20.9 - https:\/\/yoast.com\/wordpress\/plugins\/seo\/ -->\n<title>Apple Vision Pro: Tim Cook &#039;&#039;\u015fa\u015f\u0131rt\u0131c\u0131&#039;&#039; deneyimler vadediyor! | Teknoloji Menajeri<\/title>\n<meta name=\"description\" content=\"Apple Vision Pro, Tim Cook&#039;un s\u00f6yledi\u011fine g\u00f6re yaln\u0131zca Apple ma\u011fazalar\u0131nda sat\u0131lacak benzersiz bir \u00fcr\u00fcn. 02.Kas\u0131m&#039;da Apple, 2023 d\u00f6rd\u00fcnc\u00fc \u00e7eyrek kazan\u00e7\" \/>\n<meta name=\"robots\" content=\"index, follow, max-snippet:-1, max-image-preview:large, max-video-preview:-1\" \/>\n<link rel=\"canonical\" href=\"https:\/\/teknolojimenajeri.com.tr\/tr\/apple-vision-pro-tim-cook-sasirtici-deneyimler-vadediyor\/\" \/>\n<meta property=\"og:locale\" content=\"tr_TR\" \/>\n<meta property=\"og:type\" content=\"article\" \/>\n<meta property=\"og:title\" content=\"Apple Vision Pro: Tim Cook &#039;&#039;\u015fa\u015f\u0131rt\u0131c\u0131&#039;&#039; deneyimler vadediyor! | Teknoloji Menajeri\" \/>\n<meta property=\"og:description\" content=\"Apple Vision Pro, Tim Cook&#039;un s\u00f6yledi\u011fine g\u00f6re yaln\u0131zca Apple ma\u011fazalar\u0131nda sat\u0131lacak benzersiz bir \u00fcr\u00fcn. 02.Kas\u0131m&#039;da Apple, 2023 d\u00f6rd\u00fcnc\u00fc \u00e7eyrek kazan\u00e7\" \/>\n<meta property=\"og:url\" content=\"https:\/\/teknolojimenajeri.com.tr\/tr\/apple-vision-pro-tim-cook-sasirtici-deneyimler-vadediyor\/\" \/>\n<meta property=\"og:site_name\" content=\"Teknoloji Menajeri\" \/>\n<meta property=\"article:published_time\" content=\"2023-11-28T14:02:18+00:00\" \/>\n<meta property=\"og:image\" content=\"https:\/\/teknolojimenajeri.com.tr\/wp-content\/uploads\/2023\/11\/Apple-WWCD23-Vision-Pro-EyeSight-230605.jpg.large_2x.jpg\" \/>\n\t<meta property=\"og:image:width\" content=\"1920\" \/>\n\t<meta property=\"og:image:height\" content=\"1080\" \/>\n\t<meta property=\"og:image:type\" content=\"image\/jpeg\" \/>\n<meta name=\"author\" content=\"admin\" \/>\n<meta name=\"twitter:card\" content=\"summary_large_image\" \/>\n<meta name=\"twitter:label1\" content=\"Yazan:\" \/>\n\t<meta name=\"twitter:data1\" content=\"admin\" \/>\n\t<meta name=\"twitter:label2\" content=\"Tahmini okuma s\u00fcresi\" \/>\n\t<meta name=\"twitter:data2\" content=\"3 dakika\" \/>\n<script type=\"application\/ld+json\" class=\"yoast-schema-graph\">{\"@context\":\"https:\/\/schema.org\",\"@graph\":[{\"@type\":\"WebPage\",\"@id\":\"https:\/\/teknolojimenajeri.com.tr\/tr\/apple-vision-pro-tim-cook-sasirtici-deneyimler-vadediyor\/\",\"url\":\"https:\/\/teknolojimenajeri.com.tr\/tr\/apple-vision-pro-tim-cook-sasirtici-deneyimler-vadediyor\/\",\"name\":\"Apple Vision Pro: Tim Cook ''\u015fa\u015f\u0131rt\u0131c\u0131'' deneyimler vadediyor! | Teknoloji Menajeri\",\"isPartOf\":{\"@id\":\"https:\/\/teknolojimenajeri.com.tr\/#website\"},\"datePublished\":\"2023-11-28T14:02:18+00:00\",\"dateModified\":\"2023-11-28T14:02:18+00:00\",\"author\":{\"@id\":\"https:\/\/teknolojimenajeri.com.tr\/#\/schema\/person\/0c59636824aa056832f9d2f9d7290ce1\"},\"description\":\"Apple Vision Pro, Tim Cook'un s\u00f6yledi\u011fine g\u00f6re yaln\u0131zca Apple ma\u011fazalar\u0131nda sat\u0131lacak benzersiz bir \u00fcr\u00fcn. 02.Kas\u0131m'da Apple, 2023 d\u00f6rd\u00fcnc\u00fc \u00e7eyrek kazan\u00e7\",\"breadcrumb\":{\"@id\":\"https:\/\/teknolojimenajeri.com.tr\/tr\/apple-vision-pro-tim-cook-sasirtici-deneyimler-vadediyor\/#breadcrumb\"},\"inLanguage\":\"tr\",\"potentialAction\":[{\"@type\":\"ReadAction\",\"target\":[\"https:\/\/teknolojimenajeri.com.tr\/tr\/apple-vision-pro-tim-cook-sasirtici-deneyimler-vadediyor\/\"]}]},{\"@type\":\"BreadcrumbList\",\"@id\":\"https:\/\/teknolojimenajeri.com.tr\/tr\/apple-vision-pro-tim-cook-sasirtici-deneyimler-vadediyor\/#breadcrumb\",\"itemListElement\":[{\"@type\":\"ListItem\",\"position\":1,\"name\":\"Home\",\"item\":\"https:\/\/teknolojimenajeri.com.tr\/tr\/\"},{\"@type\":\"ListItem\",\"position\":2,\"name\":\"Apple Vision Pro: Tim Cook &#8221;\u015fa\u015f\u0131rt\u0131c\u0131&#8221; deneyimler vadediyor!\"}]},{\"@type\":\"WebSite\",\"@id\":\"https:\/\/teknolojimenajeri.com.tr\/#website\",\"url\":\"https:\/\/teknolojimenajeri.com.tr\/\",\"name\":\"Teknoloji Menajeri\",\"description\":\"\",\"potentialAction\":[{\"@type\":\"SearchAction\",\"target\":{\"@type\":\"EntryPoint\",\"urlTemplate\":\"https:\/\/teknolojimenajeri.com.tr\/?s={search_term_string}\"},\"query-input\":\"required name=search_term_string\"}],\"inLanguage\":\"tr\"},{\"@type\":\"Person\",\"@id\":\"https:\/\/teknolojimenajeri.com.tr\/#\/schema\/person\/0c59636824aa056832f9d2f9d7290ce1\",\"name\":\"admin\",\"image\":{\"@type\":\"ImageObject\",\"inLanguage\":\"tr\",\"@id\":\"https:\/\/teknolojimenajeri.com.tr\/#\/schema\/person\/image\/\",\"url\":\"https:\/\/secure.gravatar.com\/avatar\/886e4c323964868f5241a5e4e42241366da9b7ed7b7590c9704245bae1a34764?s=96&d=mm&r=g\",\"contentUrl\":\"https:\/\/secure.gravatar.com\/avatar\/886e4c323964868f5241a5e4e42241366da9b7ed7b7590c9704245bae1a34764?s=96&d=mm&r=g\",\"caption\":\"admin\"},\"sameAs\":[\"http:\/\/www.teknolojimenajeri.com.tr\"],\"url\":\"https:\/\/teknolojimenajeri.com.tr\/tr\/author\/admin\/\"}]}<\/script>\n<!-- \/ Yoast SEO plugin. -->","yoast_head_json":{"title":"Apple Vision Pro: Tim Cook ''\u015fa\u015f\u0131rt\u0131c\u0131'' deneyimler vadediyor! | Teknoloji Menajeri","description":"Apple Vision Pro, Tim Cook'un s\u00f6yledi\u011fine g\u00f6re yaln\u0131zca Apple ma\u011fazalar\u0131nda sat\u0131lacak benzersiz bir \u00fcr\u00fcn. 02.Kas\u0131m'da Apple, 2023 d\u00f6rd\u00fcnc\u00fc \u00e7eyrek kazan\u00e7","robots":{"index":"index","follow":"follow","max-snippet":"max-snippet:-1","max-image-preview":"max-image-preview:large","max-video-preview":"max-video-preview:-1"},"canonical":"https:\/\/teknolojimenajeri.com.tr\/tr\/apple-vision-pro-tim-cook-sasirtici-deneyimler-vadediyor\/","og_locale":"tr_TR","og_type":"article","og_title":"Apple Vision Pro: Tim Cook ''\u015fa\u015f\u0131rt\u0131c\u0131'' deneyimler vadediyor! | Teknoloji Menajeri","og_description":"Apple Vision Pro, Tim Cook'un s\u00f6yledi\u011fine g\u00f6re yaln\u0131zca Apple ma\u011fazalar\u0131nda sat\u0131lacak benzersiz bir \u00fcr\u00fcn. 02.Kas\u0131m'da Apple, 2023 d\u00f6rd\u00fcnc\u00fc \u00e7eyrek kazan\u00e7","og_url":"https:\/\/teknolojimenajeri.com.tr\/tr\/apple-vision-pro-tim-cook-sasirtici-deneyimler-vadediyor\/","og_site_name":"Teknoloji Menajeri","article_published_time":"2023-11-28T14:02:18+00:00","og_image":[{"width":1920,"height":1080,"url":"https:\/\/teknolojimenajeri.com.tr\/wp-content\/uploads\/2023\/11\/Apple-WWCD23-Vision-Pro-EyeSight-230605.jpg.large_2x.jpg","type":"image\/jpeg"}],"author":"admin","twitter_card":"summary_large_image","twitter_misc":{"Yazan:":"admin","Tahmini okuma s\u00fcresi":"3 dakika"},"schema":{"@context":"https:\/\/schema.org","@graph":[{"@type":"WebPage","@id":"https:\/\/teknolojimenajeri.com.tr\/tr\/apple-vision-pro-tim-cook-sasirtici-deneyimler-vadediyor\/","url":"https:\/\/teknolojimenajeri.com.tr\/tr\/apple-vision-pro-tim-cook-sasirtici-deneyimler-vadediyor\/","name":"Apple Vision Pro: Tim Cook ''\u015fa\u015f\u0131rt\u0131c\u0131'' deneyimler vadediyor! | Teknoloji Menajeri","isPartOf":{"@id":"https:\/\/teknolojimenajeri.com.tr\/#website"},"datePublished":"2023-11-28T14:02:18+00:00","dateModified":"2023-11-28T14:02:18+00:00","author":{"@id":"https:\/\/teknolojimenajeri.com.tr\/#\/schema\/person\/0c59636824aa056832f9d2f9d7290ce1"},"description":"Apple Vision Pro, Tim Cook'un s\u00f6yledi\u011fine g\u00f6re yaln\u0131zca Apple ma\u011fazalar\u0131nda sat\u0131lacak benzersiz bir \u00fcr\u00fcn. 02.Kas\u0131m'da Apple, 2023 d\u00f6rd\u00fcnc\u00fc \u00e7eyrek kazan\u00e7","breadcrumb":{"@id":"https:\/\/teknolojimenajeri.com.tr\/tr\/apple-vision-pro-tim-cook-sasirtici-deneyimler-vadediyor\/#breadcrumb"},"inLanguage":"tr","potentialAction":[{"@type":"ReadAction","target":["https:\/\/teknolojimenajeri.com.tr\/tr\/apple-vision-pro-tim-cook-sasirtici-deneyimler-vadediyor\/"]}]},{"@type":"BreadcrumbList","@id":"https:\/\/teknolojimenajeri.com.tr\/tr\/apple-vision-pro-tim-cook-sasirtici-deneyimler-vadediyor\/#breadcrumb","itemListElement":[{"@type":"ListItem","position":1,"name":"Home","item":"https:\/\/teknolojimenajeri.com.tr\/tr\/"},{"@type":"ListItem","position":2,"name":"Apple Vision Pro: Tim Cook &#8221;\u015fa\u015f\u0131rt\u0131c\u0131&#8221; deneyimler vadediyor!"}]},{"@type":"WebSite","@id":"https:\/\/teknolojimenajeri.com.tr\/#website","url":"https:\/\/teknolojimenajeri.com.tr\/","name":"Teknoloji Menajeri","description":"","potentialAction":[{"@type":"SearchAction","target":{"@type":"EntryPoint","urlTemplate":"https:\/\/teknolojimenajeri.com.tr\/?s={search_term_string}"},"query-input":"required name=search_term_string"}],"inLanguage":"tr"},{"@type":"Person","@id":"https:\/\/teknolojimenajeri.com.tr\/#\/schema\/person\/0c59636824aa056832f9d2f9d7290ce1","name":"admin","image":{"@type":"ImageObject","inLanguage":"tr","@id":"https:\/\/teknolojimenajeri.com.tr\/#\/schema\/person\/image\/","url":"https:\/\/secure.gravatar.com\/avatar\/886e4c323964868f5241a5e4e42241366da9b7ed7b7590c9704245bae1a34764?s=96&d=mm&r=g","contentUrl":"https:\/\/secure.gravatar.com\/avatar\/886e4c323964868f5241a5e4e42241366da9b7ed7b7590c9704245bae1a34764?s=96&d=mm&r=g","caption":"admin"},"sameAs":["http:\/\/www.teknolojimenajeri.com.tr"],"url":"https:\/\/teknolojimenajeri.com.tr\/tr\/author\/admin\/"}]}},"_links":{"self":[{"href":"https:\/\/teknolojimenajeri.com.tr\/tr\/wp-json\/wp\/v2\/posts\/8537\/"}],"collection":[{"href":"https:\/\/teknolojimenajeri.com.tr\/tr\/wp-json\/wp\/v2\/posts\/"}],"about":[{"href":"https:\/\/teknolojimenajeri.com.tr\/tr\/wp-json\/wp\/v2\/types\/post\/"}],"author":[{"embeddable":true,"href":"https:\/\/teknolojimenajeri.com.tr\/tr\/wp-json\/wp\/v2\/users\/1\/"}],"replies":[{"embeddable":true,"href":"https:\/\/teknolojimenajeri.com.tr\/tr\/wp-json\/wp\/v2\/comments\/?post=8537"}],"version-history":[{"count":3,"href":"https:\/\/teknolojimenajeri.com.tr\/tr\/wp-json\/wp\/v2\/posts\/8537\/revisions\/"}],"predecessor-version":[{"id":8546,"href":"https:\/\/teknolojimenajeri.com.tr\/tr\/wp-json\/wp\/v2\/posts\/8537\/revisions\/8546\/"}],"wp:featuredmedia":[{"embeddable":true,"href":"https:\/\/teknolojimenajeri.com.tr\/tr\/wp-json\/wp\/v2\/media\/8542\/"}],"wp:attachment":[{"href":"https:\/\/teknolojimenajeri.com.tr\/tr\/wp-json\/wp\/v2\/media\/?parent=8537"}],"wp:term":[{"taxonomy":"category","embeddable":true,"href":"https:\/\/teknolojimenajeri.com.tr\/tr\/wp-json\/wp\/v2\/categories\/?post=8537"},{"taxonomy":"post_tag","embeddable":true,"href":"https:\/\/teknolojimenajeri.com.tr\/tr\/wp-json\/wp\/v2\/tags\/?post=8537"}],"curies":[{"name":"wp","href":"https:\/\/api.w.org\/{rel}","templated":true}]}}